{"id":46154,"date":"2025-04-16T09:42:36","date_gmt":"2025-04-16T09:42:36","guid":{"rendered":"https:\/\/afgholding-sa.com\/?p=46154"},"modified":"2025-04-16T09:42:36","modified_gmt":"2025-04-16T09:42:36","slug":"la-fondation-atlantic-group-sengage-pour-la-reussite-scolaire","status":"publish","type":"post","link":"https:\/\/afgholding-sa.com\/en\/la-fondation-atlantic-group-sengage-pour-la-reussite-scolaire\/","title":{"rendered":"La Fondation Atlantic Group s\u2019engage pour la r\u00e9ussite scolaire !"},"content":{"rendered":"<p><\/p>\n<div class=\"feed-shared-inline-show-more-text        feed-shared-update-v2__description feed-shared-inline-show-more-text--minimal-padding        feed-shared-inline-show-more-text--3-lines        feed-shared-inline-show-more-text--expanded\" tabindex=\"-1\"><\/p>\n<div class=\"update-components-text relative update-components-update-v2__commentary\" dir=\"ltr\" style=\"text-align: justify;\"><span class=\"break-words          tvm-parent-container\"><span dir=\"ltr\">Parce que chaque \u00e9l\u00e8ve m\u00e9rite un acc\u00e8s \u00e9quitable \u00e0 une \u00e9ducation de qualit\u00e9, la <a class=\"QtjEaunlPPuRnXMyAbuKnIeQkZnVqnzhvEqqI\" tabindex=\"0\" href=\"https:\/\/www.linkedin.com\/company\/fondation-atlantic-group\/\" target=\"_self\" data-test-app-aware-link=\"\">Fondation Atlantic Group<\/a>, \u00e0 travers son axe strat\u00e9gique \u00c9ducation et Gestion des Connaissances, lance une subvention exceptionnelle au b\u00e9n\u00e9fice de tous les candidats aux examens du CM2, de 3\u1d49 et de Terminale.<\/p>\n<p>\ud83e\udd1d En partenariat avec <a class=\"QtjEaunlPPuRnXMyAbuKnIeQkZnVqnzhvEqqI\" tabindex=\"0\" href=\"https:\/\/www.linkedin.com\/company\/edtechcase\/\" target=\"_self\" data-test-app-aware-link=\"\">EDTECH CASE<\/a>, \u00e9diteur de la plateforme \u00e9ducative \ud835\udc0f\ud835\udc04\ud835\udc11\ud835\udc05\ud835\udc0e\ud835\udc11\ud835\udc0c, chaque \u00e9l\u00e8ve concern\u00e9 b\u00e9n\u00e9ficie d\u2019un acc\u00e8s premium 100% gratuit \u00e0 des outils p\u00e9dagogiques pens\u00e9s pour la r\u00e9ussite :<\/p>\n<p>\ud83d\udcd8 Fiches de r\u00e9vision synth\u00e9tiques<br \/>\n\ud83d\udcdd Anciens sujets d\u2019examen et corrig\u00e9s<br \/>\n\ud83c\udfaf Programmes de pr\u00e9paration sur mesure pour le \ud835\udc02\ud835\udc04\ud835\udc0f\ud835\udc04, le \ud835\udc01\ud835\udc04\ud835\udc0f\ud835\udc02 \ud835\udc1e\ud835\udc2d le \ud835\udc01\ud835\udc00\ud835\udc02.<\/p>\n<p>\ud83d\udca1 Objectif : soutenir la r\u00e9ussite des jeunes talents en leur offrant les moyens d\u2019exceller !<\/p>\n<p>\ud83d\udcf2 L\u2019application \ud835\udc0f\ud835\udc04\ud835\udc11\ud835\udc05\ud835\udc0e\ud835\udc11\ud835\udc0c est disponible sur toutes les plateformes de t\u00e9l\u00e9chargement.<br \/>\nInscription ici \u27a1\ufe0f <a class=\"QtjEaunlPPuRnXMyAbuKnIeQkZnVqnzhvEqqI\" tabindex=\"0\" href=\"https:\/\/lnkd.in\/eR93vNa7\" target=\"_self\" data-test-app-aware-link=\"\">https:\/\/lnkd.in\/eR93vNa7<\/a><\/span><\/span><\/div>\n<\/div>\n<p><\/p>","protected":false},"excerpt":{"rendered":"<p>Parce que chaque \u00e9l\u00e8ve m\u00e9rite un acc\u00e8s \u00e9quitable \u00e0 une \u00e9ducation de qualit\u00e9, la Fondation Atlantic Group, \u00e0 travers son axe strat\u00e9gique \u00c9ducation et Gestion des Connaissances, lance une subvention exceptionnelle au b\u00e9n\u00e9fice de tous les candidats aux examens du CM2, de 3\u1d49 et de Terminale. \ud83e\udd1d En partenariat avec EDTECH CASE, \u00e9diteur de la [&hellip;]<\/p>\n","protected":false},"author":2,"featured_media":46155,"comment_status":"open","ping_status":"open","sticky":false,"template":"","format":"standard","meta":{"_acf_changed":false,"footnotes":""},"categories":[5],"tags":[],"class_list":["post-46154","post","type-post","status-publish","format-standard","has-post-thumbnail","hentry","category-actualites"],"acf":[],"yoast_head":"<!-- This site is optimized with the Yoast SEO plugin v27.5 - https:\/\/yoast.com\/product\/yoast-seo-wordpress\/ -->\n<title>La Fondation Atlantic Group s\u2019engage pour la r\u00e9ussite scolaire ! - AFG Holding<\/title>\n<meta name=\"robots\" content=\"index, follow, max-snippet:-1, max-image-preview:large, max-video-preview:-1\" \/>\n<link rel=\"canonical\" href=\"https:\/\/afgholding-sa.com\/en\/la-fondation-atlantic-group-sengage-pour-la-reussite-scolaire\/\" \/>\n<meta property=\"og:locale\" content=\"en_GB\" \/>\n<meta property=\"og:type\" content=\"article\" \/>\n<meta property=\"og:title\" content=\"[:fr]La Fondation Atlantic Group s\u2019engage pour la r\u00e9ussite scolaire ![:] - AFG Holding\" \/>\n<meta property=\"og:description\" content=\"Parce que chaque \u00e9l\u00e8ve m\u00e9rite un acc\u00e8s \u00e9quitable \u00e0 une \u00e9ducation de qualit\u00e9, la Fondation Atlantic Group, \u00e0 travers son axe strat\u00e9gique \u00c9ducation et Gestion des Connaissances, lance une subvention exceptionnelle au b\u00e9n\u00e9fice de tous les candidats aux examens du CM2, de 3\u1d49 et de Terminale. \ud83e\udd1d En partenariat avec EDTECH CASE, \u00e9diteur de la [&hellip;]\" \/>\n<meta property=\"og:url\" content=\"https:\/\/afgholding-sa.com\/en\/la-fondation-atlantic-group-sengage-pour-la-reussite-scolaire\/\" \/>\n<meta property=\"og:site_name\" content=\"AFG Holding\" \/>\n<meta property=\"article:publisher\" content=\"https:\/\/web.facebook.com\/profile.php?id=100088071250994\" \/>\n<meta property=\"article:published_time\" content=\"2025-04-16T09:42:36+00:00\" \/>\n<meta property=\"og:image\" content=\"https:\/\/afgholding-sa.com\/wp-content\/uploads\/2025\/04\/1744726409983.jpg\" \/>\n\t<meta property=\"og:image:width\" content=\"1536\" \/>\n\t<meta property=\"og:image:height\" content=\"1536\" \/>\n\t<meta property=\"og:image:type\" content=\"image\/jpeg\" \/>\n<meta name=\"author\" content=\"y.kra@atlantic-group.net\" \/>\n<meta name=\"twitter:card\" content=\"summary_large_image\" \/>\n<meta name=\"twitter:label1\" content=\"Written by\" \/>\n\t<meta name=\"twitter:data1\" content=\"y.kra@atlantic-group.net\" \/>\n\t<meta name=\"twitter:label2\" content=\"Estimated reading time\" \/>\n\t<meta name=\"twitter:data2\" content=\"1 minute\" \/>\n<script type=\"application\/ld+json\" class=\"yoast-schema-graph\">{\"@context\":\"https:\\\/\\\/schema.org\",\"@graph\":[{\"@type\":\"Article\",\"@id\":\"https:\\\/\\\/afgholding-sa.com\\\/la-fondation-atlantic-group-sengage-pour-la-reussite-scolaire\\\/#article\",\"isPartOf\":{\"@id\":\"https:\\\/\\\/afgholding-sa.com\\\/la-fondation-atlantic-group-sengage-pour-la-reussite-scolaire\\\/\"},\"author\":{\"name\":\"y.kra@atlantic-group.net\",\"@id\":\"https:\\\/\\\/afgholding-sa.com\\\/#\\\/schema\\\/person\\\/b227cf92a86a448d6ba96cb052601268\"},\"headline\":\"La Fondation Atlantic Group s\u2019engage pour la r\u00e9ussite scolaire !\",\"datePublished\":\"2025-04-16T09:42:36+00:00\",\"mainEntityOfPage\":{\"@id\":\"https:\\\/\\\/afgholding-sa.com\\\/la-fondation-atlantic-group-sengage-pour-la-reussite-scolaire\\\/\"},\"wordCount\":152,\"commentCount\":0,\"publisher\":{\"@id\":\"https:\\\/\\\/afgholding-sa.com\\\/#organization\"},\"image\":{\"@id\":\"https:\\\/\\\/afgholding-sa.com\\\/la-fondation-atlantic-group-sengage-pour-la-reussite-scolaire\\\/#primaryimage\"},\"thumbnailUrl\":\"https:\\\/\\\/afgholding-sa.com\\\/wp-content\\\/uploads\\\/2025\\\/04\\\/1744726409983.jpg\",\"articleSection\":[\"Actualit\u00e9s\"],\"inLanguage\":\"en-GB\",\"potentialAction\":[{\"@type\":\"CommentAction\",\"name\":\"Comment\",\"target\":[\"https:\\\/\\\/afgholding-sa.com\\\/la-fondation-atlantic-group-sengage-pour-la-reussite-scolaire\\\/#respond\"]}]},{\"@type\":\"WebPage\",\"@id\":\"https:\\\/\\\/afgholding-sa.com\\\/la-fondation-atlantic-group-sengage-pour-la-reussite-scolaire\\\/\",\"url\":\"https:\\\/\\\/afgholding-sa.com\\\/la-fondation-atlantic-group-sengage-pour-la-reussite-scolaire\\\/\",\"name\":\"[:fr]La Fondation Atlantic Group s\u2019engage pour la r\u00e9ussite scolaire ![:] - AFG Holding\",\"isPartOf\":{\"@id\":\"https:\\\/\\\/afgholding-sa.com\\\/#website\"},\"primaryImageOfPage\":{\"@id\":\"https:\\\/\\\/afgholding-sa.com\\\/la-fondation-atlantic-group-sengage-pour-la-reussite-scolaire\\\/#primaryimage\"},\"image\":{\"@id\":\"https:\\\/\\\/afgholding-sa.com\\\/la-fondation-atlantic-group-sengage-pour-la-reussite-scolaire\\\/#primaryimage\"},\"thumbnailUrl\":\"https:\\\/\\\/afgholding-sa.com\\\/wp-content\\\/uploads\\\/2025\\\/04\\\/1744726409983.jpg\",\"datePublished\":\"2025-04-16T09:42:36+00:00\",\"breadcrumb\":{\"@id\":\"https:\\\/\\\/afgholding-sa.com\\\/la-fondation-atlantic-group-sengage-pour-la-reussite-scolaire\\\/#breadcrumb\"},\"inLanguage\":\"en-GB\",\"potentialAction\":[{\"@type\":\"ReadAction\",\"target\":[\"https:\\\/\\\/afgholding-sa.com\\\/la-fondation-atlantic-group-sengage-pour-la-reussite-scolaire\\\/\"]}]},{\"@type\":\"ImageObject\",\"inLanguage\":\"en-GB\",\"@id\":\"https:\\\/\\\/afgholding-sa.com\\\/la-fondation-atlantic-group-sengage-pour-la-reussite-scolaire\\\/#primaryimage\",\"url\":\"https:\\\/\\\/afgholding-sa.com\\\/wp-content\\\/uploads\\\/2025\\\/04\\\/1744726409983.jpg\",\"contentUrl\":\"https:\\\/\\\/afgholding-sa.com\\\/wp-content\\\/uploads\\\/2025\\\/04\\\/1744726409983.jpg\",\"width\":1536,\"height\":1536},{\"@type\":\"BreadcrumbList\",\"@id\":\"https:\\\/\\\/afgholding-sa.com\\\/la-fondation-atlantic-group-sengage-pour-la-reussite-scolaire\\\/#breadcrumb\",\"itemListElement\":[{\"@type\":\"ListItem\",\"position\":1,\"name\":\"Home\",\"item\":\"https:\\\/\\\/afgholding-sa.com\\\/\"},{\"@type\":\"ListItem\",\"position\":2,\"name\":\"La Fondation Atlantic Group s\u2019engage pour la r\u00e9ussite scolaire !\"}]},{\"@type\":\"WebSite\",\"@id\":\"https:\\\/\\\/afgholding-sa.com\\\/#website\",\"url\":\"https:\\\/\\\/afgholding-sa.com\\\/\",\"name\":\"AFG Holding\",\"description\":\"... Et tout devient possible\",\"publisher\":{\"@id\":\"https:\\\/\\\/afgholding-sa.com\\\/#organization\"},\"potentialAction\":[{\"@type\":\"SearchAction\",\"target\":{\"@type\":\"EntryPoint\",\"urlTemplate\":\"https:\\\/\\\/afgholding-sa.com\\\/?s={search_term_string}\"},\"query-input\":{\"@type\":\"PropertyValueSpecification\",\"valueRequired\":true,\"valueName\":\"search_term_string\"}}],\"inLanguage\":\"en-GB\"},{\"@type\":\"Organization\",\"@id\":\"https:\\\/\\\/afgholding-sa.com\\\/#organization\",\"name\":\"AFG Holding\",\"url\":\"https:\\\/\\\/afgholding-sa.com\\\/\",\"logo\":{\"@type\":\"ImageObject\",\"inLanguage\":\"en-GB\",\"@id\":\"https:\\\/\\\/afgholding-sa.com\\\/#\\\/schema\\\/logo\\\/image\\\/\",\"url\":\"https:\\\/\\\/afgholding-sa.com\\\/wp-content\\\/uploads\\\/2024\\\/06\\\/logo_holding-JPG-scaled.jpg\",\"contentUrl\":\"https:\\\/\\\/afgholding-sa.com\\\/wp-content\\\/uploads\\\/2024\\\/06\\\/logo_holding-JPG-scaled.jpg\",\"width\":2560,\"height\":1082,\"caption\":\"AFG Holding\"},\"image\":{\"@id\":\"https:\\\/\\\/afgholding-sa.com\\\/#\\\/schema\\\/logo\\\/image\\\/\"},\"sameAs\":[\"https:\\\/\\\/web.facebook.com\\\/profile.php?id=100088071250994\"]},{\"@type\":\"Person\",\"@id\":\"https:\\\/\\\/afgholding-sa.com\\\/#\\\/schema\\\/person\\\/b227cf92a86a448d6ba96cb052601268\",\"name\":\"y.kra@atlantic-group.net\",\"image\":{\"@type\":\"ImageObject\",\"inLanguage\":\"en-GB\",\"@id\":\"https:\\\/\\\/secure.gravatar.com\\\/avatar\\\/eea5fd53204b825c9328a61e4cc81be6f6ad061609490f6ef4651159b1d5f9bf?s=96&d=mm&r=g\",\"url\":\"https:\\\/\\\/secure.gravatar.com\\\/avatar\\\/eea5fd53204b825c9328a61e4cc81be6f6ad061609490f6ef4651159b1d5f9bf?s=96&d=mm&r=g\",\"contentUrl\":\"https:\\\/\\\/secure.gravatar.com\\\/avatar\\\/eea5fd53204b825c9328a61e4cc81be6f6ad061609490f6ef4651159b1d5f9bf?s=96&d=mm&r=g\",\"caption\":\"y.kra@atlantic-group.net\"},\"url\":\"https:\\\/\\\/afgholding-sa.com\\\/en\\\/author\\\/y-kraatlantic-group-net\\\/\"}]}<\/script>\n<!-- \/ Yoast SEO plugin. -->","yoast_head_json":{"title":"[:fr]La Fondation Atlantic Group s\u2019engage pour la r\u00e9ussite scolaire ![:] - AFG Holding","robots":{"index":"index","follow":"follow","max-snippet":"max-snippet:-1","max-image-preview":"max-image-preview:large","max-video-preview":"max-video-preview:-1"},"canonical":"https:\/\/afgholding-sa.com\/en\/la-fondation-atlantic-group-sengage-pour-la-reussite-scolaire\/","og_locale":"en_GB","og_type":"article","og_title":"[:fr]La Fondation Atlantic Group s\u2019engage pour la r\u00e9ussite scolaire ![:] - AFG Holding","og_description":"Parce que chaque \u00e9l\u00e8ve m\u00e9rite un acc\u00e8s \u00e9quitable \u00e0 une \u00e9ducation de qualit\u00e9, la Fondation Atlantic Group, \u00e0 travers son axe strat\u00e9gique \u00c9ducation et Gestion des Connaissances, lance une subvention exceptionnelle au b\u00e9n\u00e9fice de tous les candidats aux examens du CM2, de 3\u1d49 et de Terminale. \ud83e\udd1d En partenariat avec EDTECH CASE, \u00e9diteur de la [&hellip;]","og_url":"https:\/\/afgholding-sa.com\/en\/la-fondation-atlantic-group-sengage-pour-la-reussite-scolaire\/","og_site_name":"AFG Holding","article_publisher":"https:\/\/web.facebook.com\/profile.php?id=100088071250994","article_published_time":"2025-04-16T09:42:36+00:00","og_image":[{"width":1536,"height":1536,"url":"https:\/\/afgholding-sa.com\/wp-content\/uploads\/2025\/04\/1744726409983.jpg","type":"image\/jpeg"}],"author":"y.kra@atlantic-group.net","twitter_card":"summary_large_image","twitter_misc":{"Written by":"y.kra@atlantic-group.net","Estimated reading time":"1 minute"},"schema":{"@context":"https:\/\/schema.org","@graph":[{"@type":"Article","@id":"https:\/\/afgholding-sa.com\/la-fondation-atlantic-group-sengage-pour-la-reussite-scolaire\/#article","isPartOf":{"@id":"https:\/\/afgholding-sa.com\/la-fondation-atlantic-group-sengage-pour-la-reussite-scolaire\/"},"author":{"name":"y.kra@atlantic-group.net","@id":"https:\/\/afgholding-sa.com\/#\/schema\/person\/b227cf92a86a448d6ba96cb052601268"},"headline":"La Fondation Atlantic Group s\u2019engage pour la r\u00e9ussite scolaire !","datePublished":"2025-04-16T09:42:36+00:00","mainEntityOfPage":{"@id":"https:\/\/afgholding-sa.com\/la-fondation-atlantic-group-sengage-pour-la-reussite-scolaire\/"},"wordCount":152,"commentCount":0,"publisher":{"@id":"https:\/\/afgholding-sa.com\/#organization"},"image":{"@id":"https:\/\/afgholding-sa.com\/la-fondation-atlantic-group-sengage-pour-la-reussite-scolaire\/#primaryimage"},"thumbnailUrl":"https:\/\/afgholding-sa.com\/wp-content\/uploads\/2025\/04\/1744726409983.jpg","articleSection":["Actualit\u00e9s"],"inLanguage":"en-GB","potentialAction":[{"@type":"CommentAction","name":"Comment","target":["https:\/\/afgholding-sa.com\/la-fondation-atlantic-group-sengage-pour-la-reussite-scolaire\/#respond"]}]},{"@type":"WebPage","@id":"https:\/\/afgholding-sa.com\/la-fondation-atlantic-group-sengage-pour-la-reussite-scolaire\/","url":"https:\/\/afgholding-sa.com\/la-fondation-atlantic-group-sengage-pour-la-reussite-scolaire\/","name":"[:fr]La Fondation Atlantic Group s\u2019engage pour la r\u00e9ussite scolaire ![:] - AFG Holding","isPartOf":{"@id":"https:\/\/afgholding-sa.com\/#website"},"primaryImageOfPage":{"@id":"https:\/\/afgholding-sa.com\/la-fondation-atlantic-group-sengage-pour-la-reussite-scolaire\/#primaryimage"},"image":{"@id":"https:\/\/afgholding-sa.com\/la-fondation-atlantic-group-sengage-pour-la-reussite-scolaire\/#primaryimage"},"thumbnailUrl":"https:\/\/afgholding-sa.com\/wp-content\/uploads\/2025\/04\/1744726409983.jpg","datePublished":"2025-04-16T09:42:36+00:00","breadcrumb":{"@id":"https:\/\/afgholding-sa.com\/la-fondation-atlantic-group-sengage-pour-la-reussite-scolaire\/#breadcrumb"},"inLanguage":"en-GB","potentialAction":[{"@type":"ReadAction","target":["https:\/\/afgholding-sa.com\/la-fondation-atlantic-group-sengage-pour-la-reussite-scolaire\/"]}]},{"@type":"ImageObject","inLanguage":"en-GB","@id":"https:\/\/afgholding-sa.com\/la-fondation-atlantic-group-sengage-pour-la-reussite-scolaire\/#primaryimage","url":"https:\/\/afgholding-sa.com\/wp-content\/uploads\/2025\/04\/1744726409983.jpg","contentUrl":"https:\/\/afgholding-sa.com\/wp-content\/uploads\/2025\/04\/1744726409983.jpg","width":1536,"height":1536},{"@type":"BreadcrumbList","@id":"https:\/\/afgholding-sa.com\/la-fondation-atlantic-group-sengage-pour-la-reussite-scolaire\/#breadcrumb","itemListElement":[{"@type":"ListItem","position":1,"name":"Home","item":"https:\/\/afgholding-sa.com\/"},{"@type":"ListItem","position":2,"name":"La Fondation Atlantic Group s\u2019engage pour la r\u00e9ussite scolaire !"}]},{"@type":"WebSite","@id":"https:\/\/afgholding-sa.com\/#website","url":"https:\/\/afgholding-sa.com\/","name":"AFG Holding","description":"... Et tout devient possible","publisher":{"@id":"https:\/\/afgholding-sa.com\/#organization"},"potentialAction":[{"@type":"SearchAction","target":{"@type":"EntryPoint","urlTemplate":"https:\/\/afgholding-sa.com\/?s={search_term_string}"},"query-input":{"@type":"PropertyValueSpecification","valueRequired":true,"valueName":"search_term_string"}}],"inLanguage":"en-GB"},{"@type":"Organization","@id":"https:\/\/afgholding-sa.com\/#organization","name":"AFG Holding","url":"https:\/\/afgholding-sa.com\/","logo":{"@type":"ImageObject","inLanguage":"en-GB","@id":"https:\/\/afgholding-sa.com\/#\/schema\/logo\/image\/","url":"https:\/\/afgholding-sa.com\/wp-content\/uploads\/2024\/06\/logo_holding-JPG-scaled.jpg","contentUrl":"https:\/\/afgholding-sa.com\/wp-content\/uploads\/2024\/06\/logo_holding-JPG-scaled.jpg","width":2560,"height":1082,"caption":"AFG Holding"},"image":{"@id":"https:\/\/afgholding-sa.com\/#\/schema\/logo\/image\/"},"sameAs":["https:\/\/web.facebook.com\/profile.php?id=100088071250994"]},{"@type":"Person","@id":"https:\/\/afgholding-sa.com\/#\/schema\/person\/b227cf92a86a448d6ba96cb052601268","name":"y.kra@atlantic-group.net","image":{"@type":"ImageObject","inLanguage":"en-GB","@id":"https:\/\/secure.gravatar.com\/avatar\/eea5fd53204b825c9328a61e4cc81be6f6ad061609490f6ef4651159b1d5f9bf?s=96&d=mm&r=g","url":"https:\/\/secure.gravatar.com\/avatar\/eea5fd53204b825c9328a61e4cc81be6f6ad061609490f6ef4651159b1d5f9bf?s=96&d=mm&r=g","contentUrl":"https:\/\/secure.gravatar.com\/avatar\/eea5fd53204b825c9328a61e4cc81be6f6ad061609490f6ef4651159b1d5f9bf?s=96&d=mm&r=g","caption":"y.kra@atlantic-group.net"},"url":"https:\/\/afgholding-sa.com\/en\/author\/y-kraatlantic-group-net\/"}]}},"views":1023,"_links":{"self":[{"href":"https:\/\/afgholding-sa.com\/en\/wp-json\/wp\/v2\/posts\/46154","targetHints":{"allow":["GET"]}}],"collection":[{"href":"https:\/\/afgholding-sa.com\/en\/wp-json\/wp\/v2\/posts"}],"about":[{"href":"https:\/\/afgholding-sa.com\/en\/wp-json\/wp\/v2\/types\/post"}],"author":[{"embeddable":true,"href":"https:\/\/afgholding-sa.com\/en\/wp-json\/wp\/v2\/users\/2"}],"replies":[{"embeddable":true,"href":"https:\/\/afgholding-sa.com\/en\/wp-json\/wp\/v2\/comments?post=46154"}],"version-history":[{"count":1,"href":"https:\/\/afgholding-sa.com\/en\/wp-json\/wp\/v2\/posts\/46154\/revisions"}],"predecessor-version":[{"id":46156,"href":"https:\/\/afgholding-sa.com\/en\/wp-json\/wp\/v2\/posts\/46154\/revisions\/46156"}],"wp:featuredmedia":[{"embeddable":true,"href":"https:\/\/afgholding-sa.com\/en\/wp-json\/wp\/v2\/media\/46155"}],"wp:attachment":[{"href":"https:\/\/afgholding-sa.com\/en\/wp-json\/wp\/v2\/media?parent=46154"}],"wp:term":[{"taxonomy":"category","embeddable":true,"href":"https:\/\/afgholding-sa.com\/en\/wp-json\/wp\/v2\/categories?post=46154"},{"taxonomy":"post_tag","embeddable":true,"href":"https:\/\/afgholding-sa.com\/en\/wp-json\/wp\/v2\/tags?post=46154"}],"curies":[{"name":"wp","href":"https:\/\/api.w.org\/{rel}","templated":true}]}}