{"id":46604,"date":"2025-05-13T10:15:16","date_gmt":"2025-05-13T10:15:16","guid":{"rendered":"https:\/\/afgholding-sa.com\/?p=46604"},"modified":"2025-05-13T10:20:20","modified_gmt":"2025-05-13T10:20:20","slug":"africa-ceo-forum-2025-afg-engage-pour-une-croissance-durable-en-afrique","status":"publish","type":"post","link":"https:\/\/afgholding-sa.com\/en\/africa-ceo-forum-2025-afg-engage-pour-une-croissance-durable-en-afrique\/","title":{"rendered":"AFRICA CEO FORUM 2025 : AFG engag\u00e9 pour une croissance durable en Afrique"},"content":{"rendered":"<p><\/p>\n<p class=\"\" style=\"text-align: justify;\" data-start=\"236\" data-end=\"639\"><a href=\"https:\/\/www.linkedin.com\/company\/africa-ceo-forum\/\">L\u2019<strong data-start=\"238\" data-end=\"258\">AFRICA CEO FORUM<\/strong><\/a> a officiellement ouvert ses portes ce lundi matin \u00e0 Abidjan, en pr\u00e9sence du <strong data-start=\"335\" data-end=\"382\">Pr\u00e9sident de la R\u00e9publique de C\u00f4te d\u2019Ivoire<\/strong> et de <strong data-start=\"389\" data-end=\"427\">cinq autres chefs d\u2019\u00c9tat africains<\/strong>. Pendant deux jours, les leaders du secteur priv\u00e9 africain se r\u00e9unissent pour \u00e9changer autour des leviers d\u2019un <strong data-start=\"539\" data-end=\"575\">partenariat public-priv\u00e9 durable<\/strong>, moteur essentiel de la transformation \u00e9conomique du continent.<\/p>\n<p class=\"\" style=\"text-align: justify;\" data-start=\"641\" data-end=\"1029\">En tant que <strong data-start=\"653\" data-end=\"672\">Diamond Partner<\/strong> de cette \u00e9dition 2025, <strong data-start=\"696\" data-end=\"730\">Atlantic Financial Group (AFG)<\/strong> contribue activement aux grandes r\u00e9flexions portant sur le d\u00e9veloppement \u00e9conomique de l\u2019Afrique. Ce forum constitue une plateforme strat\u00e9gique o\u00f9 AFG r\u00e9affirme son <strong data-start=\"896\" data-end=\"947\">engagement en faveur d\u2019une croissance inclusive<\/strong>, port\u00e9e par des <strong data-start=\"964\" data-end=\"996\">investissements responsables<\/strong> et des <strong data-start=\"1004\" data-end=\"1028\">partenariats solides<\/strong>.<\/p>\n<p class=\"\" style=\"text-align: justify;\" data-start=\"1031\" data-end=\"1265\">Notre participation t\u00e9moigne de la volont\u00e9 du Groupe de jouer un r\u00f4le cl\u00e9 dans la construction d\u2019un avenir prosp\u00e8re pour l\u2019Afrique, en collaborant \u00e9troitement avec les acteurs publics et priv\u00e9s sur des solutions concr\u00e8tes et durables.<\/p>\n<p class=\"\" style=\"text-align: justify;\" data-start=\"1267\" data-end=\"1364\">\ud83d\udc49 <strong data-start=\"1270\" data-end=\"1364\">Restez connect\u00e9s pour suivre les moments forts de notre pr\u00e9sence au AFRICA CEO FORUM 2025.<\/strong><\/p>\n<p>\n\t\t<style type=\"text\/css\">\n\t\t\t#gallery-1 {\n\t\t\t\tmargin: auto;\n\t\t\t}\n\t\t\t#gallery-1 .gallery-item {\n\t\t\t\tfloat: left;\n\t\t\t\tmargin-top: 10px;\n\t\t\t\ttext-align: center;\n\t\t\t\twidth: 50%;\n\t\t\t}\n\t\t\t#gallery-1 img {\n\t\t\t\tborder: 2px solid #cfcfcf;\n\t\t\t}\n\t\t\t#gallery-1 .gallery-caption {\n\t\t\t\tmargin-left: 0;\n\t\t\t}\n\t\t\t\/* see gallery_shortcode() in wp-includes\/media.php *\/\n\t\t<\/style>\n\t\t<div id='gallery-1' class='gallery galleryid-46604 gallery-columns-2 gallery-size-large'><dl class='gallery-item'>\n\t\t\t<dt class='gallery-icon landscape'>\n\t\t\t\t<img fetchpriority=\"high\" decoding=\"async\" width=\"1000\" height=\"667\" src=\"https:\/\/afgholding-sa.com\/wp-content\/uploads\/2025\/05\/1747128425675-1000x667.jpg\" class=\"attachment-large size-large\" alt=\"\" srcset=\"https:\/\/afgholding-sa.com\/wp-content\/uploads\/2025\/05\/1747128425675-1000x667.jpg 1000w, https:\/\/afgholding-sa.com\/wp-content\/uploads\/2025\/05\/1747128425675-700x467.jpg 700w, https:\/\/afgholding-sa.com\/wp-content\/uploads\/2025\/05\/1747128425675-232x155.jpg 232w, https:\/\/afgholding-sa.com\/wp-content\/uploads\/2025\/05\/1747128425675-768x513.jpg 768w, https:\/\/afgholding-sa.com\/wp-content\/uploads\/2025\/05\/1747128425675-1536x1025.jpg 1536w, https:\/\/afgholding-sa.com\/wp-content\/uploads\/2025\/05\/1747128425675-24x16.jpg 24w, https:\/\/afgholding-sa.com\/wp-content\/uploads\/2025\/05\/1747128425675-36x24.jpg 36w, https:\/\/afgholding-sa.com\/wp-content\/uploads\/2025\/05\/1747128425675-48x32.jpg 48w, https:\/\/afgholding-sa.com\/wp-content\/uploads\/2025\/05\/1747128425675.jpg 2048w\" sizes=\"(max-width: 1000px) 100vw, 1000px\" \/>\n\t\t\t<\/dt><\/dl><dl class='gallery-item'>\n\t\t\t<dt class='gallery-icon landscape'>\n\t\t\t\t<img decoding=\"async\" width=\"1000\" height=\"667\" src=\"https:\/\/afgholding-sa.com\/wp-content\/uploads\/2025\/05\/1747128425958-1000x667.jpg\" class=\"attachment-large size-large\" alt=\"\" srcset=\"https:\/\/afgholding-sa.com\/wp-content\/uploads\/2025\/05\/1747128425958-1000x667.jpg 1000w, https:\/\/afgholding-sa.com\/wp-content\/uploads\/2025\/05\/1747128425958-700x467.jpg 700w, https:\/\/afgholding-sa.com\/wp-content\/uploads\/2025\/05\/1747128425958-232x155.jpg 232w, https:\/\/afgholding-sa.com\/wp-content\/uploads\/2025\/05\/1747128425958-768x513.jpg 768w, https:\/\/afgholding-sa.com\/wp-content\/uploads\/2025\/05\/1747128425958-1536x1025.jpg 1536w, https:\/\/afgholding-sa.com\/wp-content\/uploads\/2025\/05\/1747128425958-24x16.jpg 24w, https:\/\/afgholding-sa.com\/wp-content\/uploads\/2025\/05\/1747128425958-36x24.jpg 36w, https:\/\/afgholding-sa.com\/wp-content\/uploads\/2025\/05\/1747128425958-48x32.jpg 48w, https:\/\/afgholding-sa.com\/wp-content\/uploads\/2025\/05\/1747128425958.jpg 2048w\" sizes=\"(max-width: 1000px) 100vw, 1000px\" \/>\n\t\t\t<\/dt><\/dl><br style=\"clear: both\" \/><dl class='gallery-item'>\n\t\t\t<dt class='gallery-icon landscape'>\n\t\t\t\t<img decoding=\"async\" width=\"1000\" height=\"667\" src=\"https:\/\/afgholding-sa.com\/wp-content\/uploads\/2025\/05\/1747128425368-1000x667.jpg\" class=\"attachment-large size-large\" alt=\"\" srcset=\"https:\/\/afgholding-sa.com\/wp-content\/uploads\/2025\/05\/1747128425368-1000x667.jpg 1000w, https:\/\/afgholding-sa.com\/wp-content\/uploads\/2025\/05\/1747128425368-700x467.jpg 700w, https:\/\/afgholding-sa.com\/wp-content\/uploads\/2025\/05\/1747128425368-232x155.jpg 232w, https:\/\/afgholding-sa.com\/wp-content\/uploads\/2025\/05\/1747128425368-768x513.jpg 768w, https:\/\/afgholding-sa.com\/wp-content\/uploads\/2025\/05\/1747128425368-1536x1025.jpg 1536w, https:\/\/afgholding-sa.com\/wp-content\/uploads\/2025\/05\/1747128425368-24x16.jpg 24w, https:\/\/afgholding-sa.com\/wp-content\/uploads\/2025\/05\/1747128425368-36x24.jpg 36w, https:\/\/afgholding-sa.com\/wp-content\/uploads\/2025\/05\/1747128425368-48x32.jpg 48w, https:\/\/afgholding-sa.com\/wp-content\/uploads\/2025\/05\/1747128425368.jpg 2048w\" sizes=\"(max-width: 1000px) 100vw, 1000px\" \/>\n\t\t\t<\/dt><\/dl><dl class='gallery-item'>\n\t\t\t<dt class='gallery-icon landscape'>\n\t\t\t\t<img loading=\"lazy\" decoding=\"async\" width=\"1000\" height=\"667\" src=\"https:\/\/afgholding-sa.com\/wp-content\/uploads\/2025\/05\/1747128415467-1000x667.jpg\" class=\"attachment-large size-large\" alt=\"\" srcset=\"https:\/\/afgholding-sa.com\/wp-content\/uploads\/2025\/05\/1747128415467-1000x667.jpg 1000w, https:\/\/afgholding-sa.com\/wp-content\/uploads\/2025\/05\/1747128415467-700x467.jpg 700w, https:\/\/afgholding-sa.com\/wp-content\/uploads\/2025\/05\/1747128415467-232x155.jpg 232w, https:\/\/afgholding-sa.com\/wp-content\/uploads\/2025\/05\/1747128415467-768x513.jpg 768w, https:\/\/afgholding-sa.com\/wp-content\/uploads\/2025\/05\/1747128415467-1536x1026.jpg 1536w, https:\/\/afgholding-sa.com\/wp-content\/uploads\/2025\/05\/1747128415467-24x16.jpg 24w, https:\/\/afgholding-sa.com\/wp-content\/uploads\/2025\/05\/1747128415467-36x24.jpg 36w, https:\/\/afgholding-sa.com\/wp-content\/uploads\/2025\/05\/1747128415467-48x32.jpg 48w, https:\/\/afgholding-sa.com\/wp-content\/uploads\/2025\/05\/1747128415467.jpg 2048w\" sizes=\"(max-width: 1000px) 100vw, 1000px\" \/>\n\t\t\t<\/dt><\/dl><br style=\"clear: both\" \/>\n\t\t<\/div>\n<\/p>","protected":false},"excerpt":{"rendered":"<p>L\u2019AFRICA CEO FORUM a officiellement ouvert ses portes ce lundi matin \u00e0 Abidjan, en pr\u00e9sence du Pr\u00e9sident de la R\u00e9publique de C\u00f4te d\u2019Ivoire et de cinq autres chefs d\u2019\u00c9tat africains. Pendant deux jours, les leaders du secteur priv\u00e9 africain se r\u00e9unissent pour \u00e9changer autour des leviers d\u2019un partenariat public-priv\u00e9 durable, moteur essentiel de la transformation [&hellip;]<\/p>\n","protected":false},"author":2,"featured_media":46605,"comment_status":"open","ping_status":"open","sticky":false,"template":"","format":"standard","meta":{"_acf_changed":false,"footnotes":""},"categories":[5],"tags":[],"class_list":["post-46604","post","type-post","status-publish","format-standard","has-post-thumbnail","hentry","category-actualites"],"acf":[],"yoast_head":"<!-- This site is optimized with the Yoast SEO plugin v27.5 - https:\/\/yoast.com\/product\/yoast-seo-wordpress\/ -->\n<title>AFRICA CEO FORUM 2025 : AFG engag\u00e9 pour une croissance durable en Afrique - AFG Holding<\/title>\n<meta name=\"description\" content=\"L\u2019AFRICA CEO FORUM a officiellement ouvert ses portes ce lundi matin \u00e0 Abidjan, en pr\u00e9sence du Pr\u00e9sident de la R\u00e9publique de C\u00f4te d\u2019Ivoire et de cinq autres chefs d\u2019\u00c9tat africains.\" \/>\n<meta name=\"robots\" content=\"index, follow, max-snippet:-1, max-image-preview:large, max-video-preview:-1\" \/>\n<link rel=\"canonical\" href=\"https:\/\/afgholding-sa.com\/en\/africa-ceo-forum-2025-afg-engage-pour-une-croissance-durable-en-afrique\/\" \/>\n<meta property=\"og:locale\" content=\"en_GB\" \/>\n<meta property=\"og:type\" content=\"article\" \/>\n<meta property=\"og:title\" content=\"[:fr]AFRICA CEO FORUM 2025 : AFG engag\u00e9 pour une croissance durable en Afrique[:] - AFG Holding\" \/>\n<meta property=\"og:description\" content=\"L\u2019AFRICA CEO FORUM a officiellement ouvert ses portes ce lundi matin \u00e0 Abidjan, en pr\u00e9sence du Pr\u00e9sident de la R\u00e9publique de C\u00f4te d\u2019Ivoire et de cinq autres chefs d\u2019\u00c9tat africains.\" \/>\n<meta property=\"og:url\" content=\"https:\/\/afgholding-sa.com\/en\/africa-ceo-forum-2025-afg-engage-pour-une-croissance-durable-en-afrique\/\" \/>\n<meta property=\"og:site_name\" content=\"AFG Holding\" \/>\n<meta property=\"article:publisher\" content=\"https:\/\/web.facebook.com\/profile.php?id=100088071250994\" \/>\n<meta property=\"article:published_time\" content=\"2025-05-13T10:15:16+00:00\" \/>\n<meta property=\"article:modified_time\" content=\"2025-05-13T10:20:20+00:00\" \/>\n<meta property=\"og:image\" content=\"https:\/\/afgholding-sa.com\/wp-content\/uploads\/2025\/05\/AFRICA-CEO-FORUM-2025-1.jpg\" \/>\n\t<meta property=\"og:image:width\" content=\"2048\" \/>\n\t<meta property=\"og:image:height\" content=\"1367\" \/>\n\t<meta property=\"og:image:type\" content=\"image\/jpeg\" \/>\n<meta name=\"author\" content=\"y.kra@atlantic-group.net\" \/>\n<meta name=\"twitter:card\" content=\"summary_large_image\" \/>\n<meta name=\"twitter:label1\" content=\"Written by\" \/>\n\t<meta name=\"twitter:data1\" content=\"y.kra@atlantic-group.net\" \/>\n\t<meta name=\"twitter:label2\" content=\"Estimated reading time\" \/>\n\t<meta name=\"twitter:data2\" content=\"2 minutes\" \/>\n<script type=\"application\/ld+json\" class=\"yoast-schema-graph\">{\"@context\":\"https:\\\/\\\/schema.org\",\"@graph\":[{\"@type\":\"Article\",\"@id\":\"https:\\\/\\\/afgholding-sa.com\\\/africa-ceo-forum-2025-afg-engage-pour-une-croissance-durable-en-afrique\\\/#article\",\"isPartOf\":{\"@id\":\"https:\\\/\\\/afgholding-sa.com\\\/africa-ceo-forum-2025-afg-engage-pour-une-croissance-durable-en-afrique\\\/\"},\"author\":{\"name\":\"y.kra@atlantic-group.net\",\"@id\":\"https:\\\/\\\/afgholding-sa.com\\\/#\\\/schema\\\/person\\\/b227cf92a86a448d6ba96cb052601268\"},\"headline\":\"AFRICA CEO FORUM 2025 : AFG engag\u00e9 pour une croissance durable en Afrique\",\"datePublished\":\"2025-05-13T10:15:16+00:00\",\"dateModified\":\"2025-05-13T10:20:20+00:00\",\"mainEntityOfPage\":{\"@id\":\"https:\\\/\\\/afgholding-sa.com\\\/africa-ceo-forum-2025-afg-engage-pour-une-croissance-durable-en-afrique\\\/\"},\"wordCount\":201,\"commentCount\":0,\"publisher\":{\"@id\":\"https:\\\/\\\/afgholding-sa.com\\\/#organization\"},\"image\":{\"@id\":\"https:\\\/\\\/afgholding-sa.com\\\/africa-ceo-forum-2025-afg-engage-pour-une-croissance-durable-en-afrique\\\/#primaryimage\"},\"thumbnailUrl\":\"https:\\\/\\\/afgholding-sa.com\\\/wp-content\\\/uploads\\\/2025\\\/05\\\/AFRICA-CEO-FORUM-2025-1.jpg\",\"articleSection\":[\"Actualit\u00e9s\"],\"inLanguage\":\"en-GB\",\"potentialAction\":[{\"@type\":\"CommentAction\",\"name\":\"Comment\",\"target\":[\"https:\\\/\\\/afgholding-sa.com\\\/africa-ceo-forum-2025-afg-engage-pour-une-croissance-durable-en-afrique\\\/#respond\"]}]},{\"@type\":\"WebPage\",\"@id\":\"https:\\\/\\\/afgholding-sa.com\\\/africa-ceo-forum-2025-afg-engage-pour-une-croissance-durable-en-afrique\\\/\",\"url\":\"https:\\\/\\\/afgholding-sa.com\\\/africa-ceo-forum-2025-afg-engage-pour-une-croissance-durable-en-afrique\\\/\",\"name\":\"[:fr]AFRICA CEO FORUM 2025 : AFG engag\u00e9 pour une croissance durable en Afrique[:] - AFG Holding\",\"isPartOf\":{\"@id\":\"https:\\\/\\\/afgholding-sa.com\\\/#website\"},\"primaryImageOfPage\":{\"@id\":\"https:\\\/\\\/afgholding-sa.com\\\/africa-ceo-forum-2025-afg-engage-pour-une-croissance-durable-en-afrique\\\/#primaryimage\"},\"image\":{\"@id\":\"https:\\\/\\\/afgholding-sa.com\\\/africa-ceo-forum-2025-afg-engage-pour-une-croissance-durable-en-afrique\\\/#primaryimage\"},\"thumbnailUrl\":\"https:\\\/\\\/afgholding-sa.com\\\/wp-content\\\/uploads\\\/2025\\\/05\\\/AFRICA-CEO-FORUM-2025-1.jpg\",\"datePublished\":\"2025-05-13T10:15:16+00:00\",\"dateModified\":\"2025-05-13T10:20:20+00:00\",\"description\":\"L\u2019AFRICA CEO FORUM a officiellement ouvert ses portes ce lundi matin \u00e0 Abidjan, en pr\u00e9sence du Pr\u00e9sident de la R\u00e9publique de C\u00f4te d\u2019Ivoire et de cinq autres chefs d\u2019\u00c9tat africains.\",\"breadcrumb\":{\"@id\":\"https:\\\/\\\/afgholding-sa.com\\\/africa-ceo-forum-2025-afg-engage-pour-une-croissance-durable-en-afrique\\\/#breadcrumb\"},\"inLanguage\":\"en-GB\",\"potentialAction\":[{\"@type\":\"ReadAction\",\"target\":[\"https:\\\/\\\/afgholding-sa.com\\\/africa-ceo-forum-2025-afg-engage-pour-une-croissance-durable-en-afrique\\\/\"]}]},{\"@type\":\"ImageObject\",\"inLanguage\":\"en-GB\",\"@id\":\"https:\\\/\\\/afgholding-sa.com\\\/africa-ceo-forum-2025-afg-engage-pour-une-croissance-durable-en-afrique\\\/#primaryimage\",\"url\":\"https:\\\/\\\/afgholding-sa.com\\\/wp-content\\\/uploads\\\/2025\\\/05\\\/AFRICA-CEO-FORUM-2025-1.jpg\",\"contentUrl\":\"https:\\\/\\\/afgholding-sa.com\\\/wp-content\\\/uploads\\\/2025\\\/05\\\/AFRICA-CEO-FORUM-2025-1.jpg\",\"width\":2048,\"height\":1367},{\"@type\":\"BreadcrumbList\",\"@id\":\"https:\\\/\\\/afgholding-sa.com\\\/africa-ceo-forum-2025-afg-engage-pour-une-croissance-durable-en-afrique\\\/#breadcrumb\",\"itemListElement\":[{\"@type\":\"ListItem\",\"position\":1,\"name\":\"Home\",\"item\":\"https:\\\/\\\/afgholding-sa.com\\\/\"},{\"@type\":\"ListItem\",\"position\":2,\"name\":\"AFRICA CEO FORUM 2025 : AFG engag\u00e9 pour une croissance durable en Afrique\"}]},{\"@type\":\"WebSite\",\"@id\":\"https:\\\/\\\/afgholding-sa.com\\\/#website\",\"url\":\"https:\\\/\\\/afgholding-sa.com\\\/\",\"name\":\"AFG Holding\",\"description\":\"... Et tout devient possible\",\"publisher\":{\"@id\":\"https:\\\/\\\/afgholding-sa.com\\\/#organization\"},\"potentialAction\":[{\"@type\":\"SearchAction\",\"target\":{\"@type\":\"EntryPoint\",\"urlTemplate\":\"https:\\\/\\\/afgholding-sa.com\\\/?s={search_term_string}\"},\"query-input\":{\"@type\":\"PropertyValueSpecification\",\"valueRequired\":true,\"valueName\":\"search_term_string\"}}],\"inLanguage\":\"en-GB\"},{\"@type\":\"Organization\",\"@id\":\"https:\\\/\\\/afgholding-sa.com\\\/#organization\",\"name\":\"AFG Holding\",\"url\":\"https:\\\/\\\/afgholding-sa.com\\\/\",\"logo\":{\"@type\":\"ImageObject\",\"inLanguage\":\"en-GB\",\"@id\":\"https:\\\/\\\/afgholding-sa.com\\\/#\\\/schema\\\/logo\\\/image\\\/\",\"url\":\"https:\\\/\\\/afgholding-sa.com\\\/wp-content\\\/uploads\\\/2024\\\/06\\\/logo_holding-JPG-scaled.jpg\",\"contentUrl\":\"https:\\\/\\\/afgholding-sa.com\\\/wp-content\\\/uploads\\\/2024\\\/06\\\/logo_holding-JPG-scaled.jpg\",\"width\":2560,\"height\":1082,\"caption\":\"AFG Holding\"},\"image\":{\"@id\":\"https:\\\/\\\/afgholding-sa.com\\\/#\\\/schema\\\/logo\\\/image\\\/\"},\"sameAs\":[\"https:\\\/\\\/web.facebook.com\\\/profile.php?id=100088071250994\"]},{\"@type\":\"Person\",\"@id\":\"https:\\\/\\\/afgholding-sa.com\\\/#\\\/schema\\\/person\\\/b227cf92a86a448d6ba96cb052601268\",\"name\":\"y.kra@atlantic-group.net\",\"image\":{\"@type\":\"ImageObject\",\"inLanguage\":\"en-GB\",\"@id\":\"https:\\\/\\\/secure.gravatar.com\\\/avatar\\\/eea5fd53204b825c9328a61e4cc81be6f6ad061609490f6ef4651159b1d5f9bf?s=96&d=mm&r=g\",\"url\":\"https:\\\/\\\/secure.gravatar.com\\\/avatar\\\/eea5fd53204b825c9328a61e4cc81be6f6ad061609490f6ef4651159b1d5f9bf?s=96&d=mm&r=g\",\"contentUrl\":\"https:\\\/\\\/secure.gravatar.com\\\/avatar\\\/eea5fd53204b825c9328a61e4cc81be6f6ad061609490f6ef4651159b1d5f9bf?s=96&d=mm&r=g\",\"caption\":\"y.kra@atlantic-group.net\"},\"url\":\"https:\\\/\\\/afgholding-sa.com\\\/en\\\/author\\\/y-kraatlantic-group-net\\\/\"}]}<\/script>\n<!-- \/ Yoast SEO plugin. -->","yoast_head_json":{"title":"[:fr]AFRICA CEO FORUM 2025 : AFG engag\u00e9 pour une croissance durable en Afrique[:] - AFG Holding","description":"L\u2019AFRICA CEO FORUM a officiellement ouvert ses portes ce lundi matin \u00e0 Abidjan, en pr\u00e9sence du Pr\u00e9sident de la R\u00e9publique de C\u00f4te d\u2019Ivoire et de cinq autres chefs d\u2019\u00c9tat africains.","robots":{"index":"index","follow":"follow","max-snippet":"max-snippet:-1","max-image-preview":"max-image-preview:large","max-video-preview":"max-video-preview:-1"},"canonical":"https:\/\/afgholding-sa.com\/en\/africa-ceo-forum-2025-afg-engage-pour-une-croissance-durable-en-afrique\/","og_locale":"en_GB","og_type":"article","og_title":"[:fr]AFRICA CEO FORUM 2025 : AFG engag\u00e9 pour une croissance durable en Afrique[:] - AFG Holding","og_description":"L\u2019AFRICA CEO FORUM a officiellement ouvert ses portes ce lundi matin \u00e0 Abidjan, en pr\u00e9sence du Pr\u00e9sident de la R\u00e9publique de C\u00f4te d\u2019Ivoire et de cinq autres chefs d\u2019\u00c9tat africains.","og_url":"https:\/\/afgholding-sa.com\/en\/africa-ceo-forum-2025-afg-engage-pour-une-croissance-durable-en-afrique\/","og_site_name":"AFG Holding","article_publisher":"https:\/\/web.facebook.com\/profile.php?id=100088071250994","article_published_time":"2025-05-13T10:15:16+00:00","article_modified_time":"2025-05-13T10:20:20+00:00","og_image":[{"width":2048,"height":1367,"url":"https:\/\/afgholding-sa.com\/wp-content\/uploads\/2025\/05\/AFRICA-CEO-FORUM-2025-1.jpg","type":"image\/jpeg"}],"author":"y.kra@atlantic-group.net","twitter_card":"summary_large_image","twitter_misc":{"Written by":"y.kra@atlantic-group.net","Estimated reading time":"2 minutes"},"schema":{"@context":"https:\/\/schema.org","@graph":[{"@type":"Article","@id":"https:\/\/afgholding-sa.com\/africa-ceo-forum-2025-afg-engage-pour-une-croissance-durable-en-afrique\/#article","isPartOf":{"@id":"https:\/\/afgholding-sa.com\/africa-ceo-forum-2025-afg-engage-pour-une-croissance-durable-en-afrique\/"},"author":{"name":"y.kra@atlantic-group.net","@id":"https:\/\/afgholding-sa.com\/#\/schema\/person\/b227cf92a86a448d6ba96cb052601268"},"headline":"AFRICA CEO FORUM 2025 : AFG engag\u00e9 pour une croissance durable en Afrique","datePublished":"2025-05-13T10:15:16+00:00","dateModified":"2025-05-13T10:20:20+00:00","mainEntityOfPage":{"@id":"https:\/\/afgholding-sa.com\/africa-ceo-forum-2025-afg-engage-pour-une-croissance-durable-en-afrique\/"},"wordCount":201,"commentCount":0,"publisher":{"@id":"https:\/\/afgholding-sa.com\/#organization"},"image":{"@id":"https:\/\/afgholding-sa.com\/africa-ceo-forum-2025-afg-engage-pour-une-croissance-durable-en-afrique\/#primaryimage"},"thumbnailUrl":"https:\/\/afgholding-sa.com\/wp-content\/uploads\/2025\/05\/AFRICA-CEO-FORUM-2025-1.jpg","articleSection":["Actualit\u00e9s"],"inLanguage":"en-GB","potentialAction":[{"@type":"CommentAction","name":"Comment","target":["https:\/\/afgholding-sa.com\/africa-ceo-forum-2025-afg-engage-pour-une-croissance-durable-en-afrique\/#respond"]}]},{"@type":"WebPage","@id":"https:\/\/afgholding-sa.com\/africa-ceo-forum-2025-afg-engage-pour-une-croissance-durable-en-afrique\/","url":"https:\/\/afgholding-sa.com\/africa-ceo-forum-2025-afg-engage-pour-une-croissance-durable-en-afrique\/","name":"[:fr]AFRICA CEO FORUM 2025 : AFG engag\u00e9 pour une croissance durable en Afrique[:] - AFG Holding","isPartOf":{"@id":"https:\/\/afgholding-sa.com\/#website"},"primaryImageOfPage":{"@id":"https:\/\/afgholding-sa.com\/africa-ceo-forum-2025-afg-engage-pour-une-croissance-durable-en-afrique\/#primaryimage"},"image":{"@id":"https:\/\/afgholding-sa.com\/africa-ceo-forum-2025-afg-engage-pour-une-croissance-durable-en-afrique\/#primaryimage"},"thumbnailUrl":"https:\/\/afgholding-sa.com\/wp-content\/uploads\/2025\/05\/AFRICA-CEO-FORUM-2025-1.jpg","datePublished":"2025-05-13T10:15:16+00:00","dateModified":"2025-05-13T10:20:20+00:00","description":"L\u2019AFRICA CEO FORUM a officiellement ouvert ses portes ce lundi matin \u00e0 Abidjan, en pr\u00e9sence du Pr\u00e9sident de la R\u00e9publique de C\u00f4te d\u2019Ivoire et de cinq autres chefs d\u2019\u00c9tat africains.","breadcrumb":{"@id":"https:\/\/afgholding-sa.com\/africa-ceo-forum-2025-afg-engage-pour-une-croissance-durable-en-afrique\/#breadcrumb"},"inLanguage":"en-GB","potentialAction":[{"@type":"ReadAction","target":["https:\/\/afgholding-sa.com\/africa-ceo-forum-2025-afg-engage-pour-une-croissance-durable-en-afrique\/"]}]},{"@type":"ImageObject","inLanguage":"en-GB","@id":"https:\/\/afgholding-sa.com\/africa-ceo-forum-2025-afg-engage-pour-une-croissance-durable-en-afrique\/#primaryimage","url":"https:\/\/afgholding-sa.com\/wp-content\/uploads\/2025\/05\/AFRICA-CEO-FORUM-2025-1.jpg","contentUrl":"https:\/\/afgholding-sa.com\/wp-content\/uploads\/2025\/05\/AFRICA-CEO-FORUM-2025-1.jpg","width":2048,"height":1367},{"@type":"BreadcrumbList","@id":"https:\/\/afgholding-sa.com\/africa-ceo-forum-2025-afg-engage-pour-une-croissance-durable-en-afrique\/#breadcrumb","itemListElement":[{"@type":"ListItem","position":1,"name":"Home","item":"https:\/\/afgholding-sa.com\/"},{"@type":"ListItem","position":2,"name":"AFRICA CEO FORUM 2025 : AFG engag\u00e9 pour une croissance durable en Afrique"}]},{"@type":"WebSite","@id":"https:\/\/afgholding-sa.com\/#website","url":"https:\/\/afgholding-sa.com\/","name":"AFG Holding","description":"... Et tout devient possible","publisher":{"@id":"https:\/\/afgholding-sa.com\/#organization"},"potentialAction":[{"@type":"SearchAction","target":{"@type":"EntryPoint","urlTemplate":"https:\/\/afgholding-sa.com\/?s={search_term_string}"},"query-input":{"@type":"PropertyValueSpecification","valueRequired":true,"valueName":"search_term_string"}}],"inLanguage":"en-GB"},{"@type":"Organization","@id":"https:\/\/afgholding-sa.com\/#organization","name":"AFG Holding","url":"https:\/\/afgholding-sa.com\/","logo":{"@type":"ImageObject","inLanguage":"en-GB","@id":"https:\/\/afgholding-sa.com\/#\/schema\/logo\/image\/","url":"https:\/\/afgholding-sa.com\/wp-content\/uploads\/2024\/06\/logo_holding-JPG-scaled.jpg","contentUrl":"https:\/\/afgholding-sa.com\/wp-content\/uploads\/2024\/06\/logo_holding-JPG-scaled.jpg","width":2560,"height":1082,"caption":"AFG Holding"},"image":{"@id":"https:\/\/afgholding-sa.com\/#\/schema\/logo\/image\/"},"sameAs":["https:\/\/web.facebook.com\/profile.php?id=100088071250994"]},{"@type":"Person","@id":"https:\/\/afgholding-sa.com\/#\/schema\/person\/b227cf92a86a448d6ba96cb052601268","name":"y.kra@atlantic-group.net","image":{"@type":"ImageObject","inLanguage":"en-GB","@id":"https:\/\/secure.gravatar.com\/avatar\/eea5fd53204b825c9328a61e4cc81be6f6ad061609490f6ef4651159b1d5f9bf?s=96&d=mm&r=g","url":"https:\/\/secure.gravatar.com\/avatar\/eea5fd53204b825c9328a61e4cc81be6f6ad061609490f6ef4651159b1d5f9bf?s=96&d=mm&r=g","contentUrl":"https:\/\/secure.gravatar.com\/avatar\/eea5fd53204b825c9328a61e4cc81be6f6ad061609490f6ef4651159b1d5f9bf?s=96&d=mm&r=g","caption":"y.kra@atlantic-group.net"},"url":"https:\/\/afgholding-sa.com\/en\/author\/y-kraatlantic-group-net\/"}]}},"views":960,"_links":{"self":[{"href":"https:\/\/afgholding-sa.com\/en\/wp-json\/wp\/v2\/posts\/46604","targetHints":{"allow":["GET"]}}],"collection":[{"href":"https:\/\/afgholding-sa.com\/en\/wp-json\/wp\/v2\/posts"}],"about":[{"href":"https:\/\/afgholding-sa.com\/en\/wp-json\/wp\/v2\/types\/post"}],"author":[{"embeddable":true,"href":"https:\/\/afgholding-sa.com\/en\/wp-json\/wp\/v2\/users\/2"}],"replies":[{"embeddable":true,"href":"https:\/\/afgholding-sa.com\/en\/wp-json\/wp\/v2\/comments?post=46604"}],"version-history":[{"count":9,"href":"https:\/\/afgholding-sa.com\/en\/wp-json\/wp\/v2\/posts\/46604\/revisions"}],"predecessor-version":[{"id":46611,"href":"https:\/\/afgholding-sa.com\/en\/wp-json\/wp\/v2\/posts\/46604\/revisions\/46611"}],"wp:featuredmedia":[{"embeddable":true,"href":"https:\/\/afgholding-sa.com\/en\/wp-json\/wp\/v2\/media\/46605"}],"wp:attachment":[{"href":"https:\/\/afgholding-sa.com\/en\/wp-json\/wp\/v2\/media?parent=46604"}],"wp:term":[{"taxonomy":"category","embeddable":true,"href":"https:\/\/afgholding-sa.com\/en\/wp-json\/wp\/v2\/categories?post=46604"},{"taxonomy":"post_tag","embeddable":true,"href":"https:\/\/afgholding-sa.com\/en\/wp-json\/wp\/v2\/tags?post=46604"}],"curies":[{"name":"wp","href":"https:\/\/api.w.org\/{rel}","templated":true}]}}